{"id":5498,"date":"2022-12-12T17:12:47","date_gmt":"2022-12-12T16:12:47","guid":{"rendered":"https:\/\/b2b.coffeedesk.pl\/blog\/?p=5498"},"modified":"2022-12-14T15:23:23","modified_gmt":"2022-12-14T14:23:23","slug":"zarna-ode","status":"publish","type":"post","link":"https:\/\/b2b.coffeedesk.pl\/blog\/2022\/12\/12\/zarna-ode\/","title":{"rendered":"Nowe \u017carna ODE 2.0. Czy warto wprowadzi\u0107 je do swojej oferty?"},"content":{"rendered":"\n<h1 class=\"wp-block-heading\"><strong>Kilka lat temu m\u0142ynek <a href=\"https:\/\/b2b.coffeedesk.pl\/search\/fellow%20ode%20m%C5%82ynek\/\" target=\"_blank\" rel=\"noreferrer noopener\">Fellow Ode<\/a> podbi\u0142 scen\u0119 kawow\u0105 na ca\u0142ym \u015bwiecie. Producenci sprzedali mas\u0119 urz\u0105dze\u0144 jeszcze przed sam\u0105 premier\u0105. Dzi\u015b na rynku dost\u0119pne mamy <a href=\"https:\/\/b2b.coffeedesk.pl\/product\/24172\/Fellow-Zarna-Ode-2-Generacji\" target=\"_blank\" rel=\"noreferrer noopener\">nowe \u017carna ODE 2.0.<\/a> Czy warto wprowadzi\u0107 je do swojej oferty? Co zyskujemy przy ich wymianie? Odpowiadam poni\u017cej!\u00a0<\/strong><\/h1>\n\n\n\n<figure class=\"wp-block-image size-large\"><img loading=\"lazy\" decoding=\"async\" width=\"1024\" height=\"819\" src=\"https:\/\/b2b.coffeedesk.pl\/blog\/wp-content\/uploads\/2022\/12\/OdeBrewGrinder-DialInUse-1024x819.jpeg\" alt=\"\" class=\"wp-image-5507\" srcset=\"https:\/\/b2b.coffeedesk.pl\/blog\/wp-content\/uploads\/2022\/12\/OdeBrewGrinder-DialInUse-1024x819.jpeg 1024w, https:\/\/b2b.coffeedesk.pl\/blog\/wp-content\/uploads\/2022\/12\/OdeBrewGrinder-DialInUse-300x240.jpeg 300w, https:\/\/b2b.coffeedesk.pl\/blog\/wp-content\/uploads\/2022\/12\/OdeBrewGrinder-DialInUse.jpeg 1200w\" sizes=\"(max-width: 1024px) 100vw, 1024px\" \/><\/figure>\n\n\n\n<p>No dobrze, ale zanim zaczn\u0119 ocenia\u0107 najnowsze dziecko Fellow, cofnijmy si\u0119 kilka lat wstecz. Mamy rok 2018, Fellow Products to ameryka\u0144ski starter zajmuj\u0105cy si\u0119 produkcj\u0105 sprz\u0119tu kawowego. Zesp\u00f3\u0142 kilku pasjonat\u00f3w pracuje nad projektem swojego pierwszego m\u0142ynka jakim jest <a href=\"https:\/\/b2b.coffeedesk.pl\/search\/fellow%20ode%20m%C5%82ynek\/\" target=\"_blank\" rel=\"noreferrer noopener\">Fellow Ode<\/a>. Projekt swoj\u0105 s\u0142aw\u0119 zawdzi\u0119cza Kickstarterowi, na kt\u00f3rym to prawie 5000 os\u00f3b popar\u0142o go i przeznaczy\u0142o w sumie 1,2 miliona dolar\u00f3w. Oczekiwania wzgl\u0119dem tego zgrabnego, nowoczesnego m\u0142ynka by\u0142y ogromne. Najwi\u0119ksi fani kawy, z ociekaj\u0105c\u0105 \u015blin\u0105 patrzyli na projekt i odliczali dni premiery \ud83d\ude42<\/p>\n\n\n\n<p>Z czasem cz\u0119\u015b\u0107 u\u017cytkownik\u00f3w zwr\u00f3ci\u0142a uwag\u0119 grube mielenie, nie do ko\u0144ca idealne przy parzeniu espresso, co mog\u0142o zniecheca\u0107 do zakupu.&nbsp;<\/p>\n\n\n\n<h2 class=\"wp-block-heading\"><strong>Pierwsze \u017carna <\/strong><\/h2>\n\n\n\n<p><a href=\"https:\/\/b2b.coffeedesk.pl\/nasze-marki\/fellow\/\" target=\"_blank\" rel=\"noreferrer noopener\">Fellow<\/a> tworzy grupa m\u0142odych, id\u0105cych z duchem czasu projektant\u00f3w. Zajmuj\u0105c si\u0119 Ode skupili si\u0119 g\u0142\u00f3wnie na projekcie samego sprz\u0119tu, jako dopiero rozwijaj\u0105ca si\u0119 firma nie mogli pozwoli\u0107 sobie jednocze\u015bnie na projekt m\u0142ynka i \u017caren, w zwi\u0105zku z czym zlecili to swojemu partnerowi specjalizuj\u0105ce si\u0119 w\u0142a\u015bnie w \u017carnach (jest to powszechnie stosowana praktyka u producent\u00f3w m\u0142ynk\u00f3w). Jak zapewniaj\u0105, by\u0142a to jedyna decyzja, na kt\u00f3r\u0105 mogli pozwoli\u0107 sobie w tamtym czasie.\u00a0<\/p>\n\n\n\n<figure class=\"wp-block-gallery has-nested-images columns-default is-cropped wp-block-gallery-1 is-layout-flex wp-block-gallery-is-layout-flex\">\n<figure class=\"wp-block-image size-large\"><img loading=\"lazy\" decoding=\"async\" width=\"560\" height=\"726\" data-id=\"5505\" src=\"https:\/\/b2b.coffeedesk.pl\/blog\/wp-content\/uploads\/2022\/12\/Ode_Fellow_20200826-612-560x726-1.jpeg\" alt=\"\" class=\"wp-image-5505\" srcset=\"https:\/\/b2b.coffeedesk.pl\/blog\/wp-content\/uploads\/2022\/12\/Ode_Fellow_20200826-612-560x726-1.jpeg 560w, https:\/\/b2b.coffeedesk.pl\/blog\/wp-content\/uploads\/2022\/12\/Ode_Fellow_20200826-612-560x726-1-231x300.jpeg 231w\" sizes=\"(max-width: 560px) 100vw, 560px\" \/><\/figure>\n\n\n\n<figure class=\"wp-block-image\"><img loading=\"lazy\" decoding=\"async\" width=\"560\" height=\"754\" data-id=\"5501\" src=\"https:\/\/b2b.coffeedesk.pl\/blog\/wp-content\/uploads\/2022\/12\/Ode_Fellow_20200826-148-560x754-1.jpeg\" alt=\"\" class=\"wp-image-5501\" srcset=\"https:\/\/b2b.coffeedesk.pl\/blog\/wp-content\/uploads\/2022\/12\/Ode_Fellow_20200826-148-560x754-1.jpeg 560w, https:\/\/b2b.coffeedesk.pl\/blog\/wp-content\/uploads\/2022\/12\/Ode_Fellow_20200826-148-560x754-1-223x300.jpeg 223w\" sizes=\"(max-width: 560px) 100vw, 560px\" \/><\/figure>\n<\/figure>\n\n\n\n<p>Firma nie zignorowa\u0142a g\u0142os\u00f3w klient\u00f3w i zacz\u0119\u0142a my\u015ble\u0107 nad kolejnym rozwi\u0105zaniem. Jak m\u00f3wi\u0105, przetestowali ju\u017c chyba wszystkie \u017carna dost\u0119pne na rynku i efekty test\u00f3w nie by\u0142y zadowalaj\u0105ce. Nick Terzulli wpad\u0142 wi\u0119c na pomys\u0142 stworzenia w\u0142asnego, innowacyjnego rozwi\u0105zania.&nbsp;<\/p>\n\n\n\n<p>Postawili sobie na celu nast\u0119puj\u0105ce wymagania:&nbsp;<\/p>\n\n\n\n<ul class=\"wp-block-list\">\n<li>Mo\u017cliwo\u015b\u0107 mielenia w zakresie 200-300 mikron\u00f3w;<\/li>\n\n\n\n<li>Mo\u017cliwo\u015b\u0107 wymiany \u017caren na nowe w m\u0142ynkach, kt\u00f3re s\u0105 ju\u017c w domach klient\u00f3w;<\/li>\n\n\n\n<li>Znacz\u0105ca poprawa ilo\u015bciowa w dystrybucji wielko\u015bci cz\u0105stek;<\/li>\n\n\n\n<li>Doskona\u0142e wyniki jako\u015bciowe oceniane w \u015blepych cuppingach.<\/li>\n<\/ul>\n\n\n\n<p>Dla tych mniej zaawansowanych podpowiem, \u017ce z r\u00f3wno\u015bci\u0105 cz\u0105steczek w mieleniu kawy jest troch\u0119 jak ze sma\u017ceniem frytek. Je\u015bli robimy je sami i ziemniaki pokroimy nier\u00f3wno, a nast\u0119pnie wrzucimy je wszystkie do oleju i wyci\u0105gniemy po tym samym czasie to te mniejsze b\u0119d\u0105 spalone, a te du\u017ce surowe. Tak samo jest z kaw\u0105, mniejsze cz\u0105steczki b\u0119d\u0105 ekstrahowa\u0107 szybciej, a wi\u0119ksze p\u00f3\u017aniej przez co finalny napar nie b\u0119dzie smaczny. R\u00f3wne mielenie jest bardzo istotnym elementem w procesie parzenia kawy.&nbsp;<\/p>\n\n\n\n<h2 class=\"wp-block-heading\"><strong>Czy warto wprowadzi\u0107 nowe \u017carna do swojej oferty?<\/strong><\/h2>\n\n\n\n<p>Fellow to jedna z najbardziej rozpoznawalnych marek kawowych na \u015bwiecie. Firma odmienia postrzeganie najbardziej popularnych akcesori\u00f3w do kawy dzi\u0119ki zastosowaniu innowacyjnych rozwi\u0105za\u0144, najlepszych jako\u015bciowo materia\u0142\u00f3w i niestandardowemu designowi.\u00a0 Wypuszczaj\u0105c na rynek <a href=\"https:\/\/b2b.coffeedesk.pl\/product\/24172\/Fellow-Zarna-Ode-2-Generacji\" target=\"_blank\" rel=\"noreferrer noopener\">nowe \u017carna<\/a> Fellow nie tylko stworzy\u0142 nowy m\u0142ynek, kt\u00f3ry jest jeszcze lepszy od podstawowej wersji Ode ale te\u017c da\u0142 mo\u017cliwo\u015b\u0107 polepsza wersji m\u0142ynk\u00f3w, kt\u00f3rzy klienci maj\u0105 ju\u017c w domach. Taki zabieg zwi\u0119ksza potencja\u0142 sprzeda\u017cy na ten produkt.\u00a0<\/p>\n\n\n\n<figure class=\"wp-block-image size-large\"><img loading=\"lazy\" decoding=\"async\" width=\"1024\" height=\"766\" src=\"https:\/\/b2b.coffeedesk.pl\/blog\/wp-content\/uploads\/2022\/12\/Ode_Fellow_20200826-054-1024x766.jpeg\" alt=\"\" class=\"wp-image-5499\" srcset=\"https:\/\/b2b.coffeedesk.pl\/blog\/wp-content\/uploads\/2022\/12\/Ode_Fellow_20200826-054-1024x766.jpeg 1024w, https:\/\/b2b.coffeedesk.pl\/blog\/wp-content\/uploads\/2022\/12\/Ode_Fellow_20200826-054-300x225.jpeg 300w, https:\/\/b2b.coffeedesk.pl\/blog\/wp-content\/uploads\/2022\/12\/Ode_Fellow_20200826-054.jpeg 1200w\" sizes=\"(max-width: 1024px) 100vw, 1024px\" \/><\/figure>\n\n\n\n<h2 class=\"wp-block-heading\"><a href=\"https:\/\/b2b.coffeedesk.pl\/product\/24172\/Fellow-Zarna-Ode-2-Generacji\" target=\"_blank\" rel=\"noreferrer noopener\">Zestaw \u017caren Gen 2<\/a> by\u0142 rozwijany i dopracowywany przez ponad rok. Firma musia\u0142a zmierzy\u0107 si\u0119 nie tylko ze stworzeniem projektu ale r\u00f3wnie\u017c ze znalezieniem odpowiedniego producenta, kt\u00f3ry ten projekt zrealizuje. \u017barna to najwa\u017cniejsza cz\u0119\u015b\u0107 ka\u017cdego m\u0142ynka do kawy, w tej na poz\u00f3r prostej konstrukcji nie wyst\u0119puj\u0105 \u017cadne przypadki. Kilka milimetr\u00f3w wyci\u0119cia wa\u017cy na tym czy b\u0119dziemy otrzymywa\u0107 pyszn\u0105, czy okropn\u0105 fili\u017cank\u0119 kawy.\u00a0<\/h2>\n\n\n\n<p><strong>Testujemy!<\/strong><\/p>\n\n\n\n<p>W\u0142\u0105czaj\u0105c m\u0142ynek z nowymi \u017carnami, pierwsze na co zwr\u00f3ci\u0142em uwag\u0119 to d\u017awi\u0119k, kt\u00f3ry wydaje maszyna. Wydaje si\u0119, \u017ce d\u017awi\u0119k wirowania podczas mielenia jest nieco wy\u017cszy ni\u017c w przypadku \u017caren 1.1. Nie jest to \u017caden niepokoj\u0105cy zgrzyt. Powiedzia\u0142bym nawet, \u017ce m\u0142ynek brzmi jakby by\u0142 wy\u017cszej jako\u015bci i bardziej profesjonalnie. Wr\u00f3\u017cy to dobrze, ale sprawd\u017amy jak przemia\u0142 \ud83d\ude42<\/p>\n\n\n\n<p>\u017barna V2 faktycznie miel\u0105 zauwa\u017calnie delikatniej. Pocz\u0105tkowo zrobi\u0142em \u015blepy cupping, a nast\u0119pnie zaparzy\u0142em na tych samych parametrach dripa i aeropress. Korzysta\u0142em z kilku kaw, kt\u00f3re r\u00f3\u017cni\u0105 si\u0119 mi\u0119dzy sob\u0105 krajem pochodzenia, obr\u00f3bk\u0105, odmian\u0105 botaniczn\u0105 i palarni\u0105. W kawie mielonej \u017carnami V2 mo\u017cna odczu\u0107 wi\u0119ksz\u0105 s\u0142odycz, napar wydaje si\u0119 bardziej z\u0142o\u017cony. Wersja zmielona 1.1 jest z kolei bardziej kwasowa, co nie jest mankamentem. Po te\u015bcie reflektometrem wysz\u0142o, \u017ce kawy zaparzone przy u\u017cyciu V2 s\u0105 bardziej wyekstrahowane.&nbsp;<\/p>\n\n\n\n<p>Celem Fellow by\u0142o stworzenie takiej konstrukcji \u017caren, kt\u00f3ra dawa\u0142aby s\u0142odk\u0105, zr\u00f3wnowa\u017con\u0105 i z\u0142o\u017con\u0105 fili\u017cank\u0119 z wystarczaj\u0105c\u0105 przejrzysto\u015bci\u0105, aby uszanowa\u0107 kaw\u0119 i moim zdaniem uda\u0142o im si\u0119 to.<\/p>\n\n\n\n<figure class=\"wp-block-image size-large\"><img loading=\"lazy\" decoding=\"async\" width=\"1024\" height=\"768\" src=\"https:\/\/b2b.coffeedesk.pl\/blog\/wp-content\/uploads\/2022\/12\/Ode_Fellow_20200826-251-1024x768.jpeg\" alt=\"\" class=\"wp-image-5503\" srcset=\"https:\/\/b2b.coffeedesk.pl\/blog\/wp-content\/uploads\/2022\/12\/Ode_Fellow_20200826-251-1024x768.jpeg 1024w, https:\/\/b2b.coffeedesk.pl\/blog\/wp-content\/uploads\/2022\/12\/Ode_Fellow_20200826-251-300x225.jpeg 300w, https:\/\/b2b.coffeedesk.pl\/blog\/wp-content\/uploads\/2022\/12\/Ode_Fellow_20200826-251.jpeg 1200w\" sizes=\"(max-width: 1024px) 100vw, 1024px\" \/><\/figure>\n\n\n\n<p>Podsumowuj\u0105c, poleci\u0142bym Fellow Ode Gen 2 ka\u017cdemu, kto ceni sobie najwy\u017csz\u0105 jako\u015b\u0107 przemia\u0142u w warunkach domowych i jest fanem jasno palonych kaw przelewowych. M\u0142ynek bezkopromisyjnie zapewnia najlepsze rezultaty.&nbsp;<\/p>\n\n\n\n<p>Nie polecam jednak \u017caren, podobnie jak producent, pod przemia\u0142 espresso. Silnik nie jest przystosowany do obci\u0105\u017cenia, a \u017carna nie zmiel\u0105 wystarczaj\u0105co dok\u0142adnie. Wiem, \u017ce cz\u0119\u015b\u0107 u\u017cytkownik\u00f3w&nbsp; pr\u00f3buje na w\u0142asn\u0105 r\u0119k\u0119 przerobi\u0107 m\u0142ynek \u017ceby mieli\u0142 pod t\u0105 metod\u0119, natomiast prowadzi to do przedwczesnego zu\u017cycia.<\/p>\n","protected":false},"excerpt":{"rendered":"<p>Kilka lat temu m\u0142ynek Fellow Ode podbi\u0142 scen\u0119 kawow\u0105 na ca\u0142ym \u015bwiecie. Producenci sprzedali mas\u0119 urz\u0105dze\u0144 jeszcze przed sam\u0105 premier\u0105. Dzi\u015b na rynku dost\u0119pne mamy nowe \u017carna ODE 2.0. Czy warto wprowadzi\u0107 je do swojej oferty? Co zyskujemy przy ich wymianie? Odpowiadam poni\u017cej!\u00a0 No dobrze, ale zanim zaczn\u0119 ocenia\u0107 najnowsze dziecko Fellow, cofnijmy si\u0119 kilka<\/p>\n","protected":false},"author":15,"featured_media":5499,"comment_status":"closed","ping_status":"closed","sticky":true,"template":"","format":"standard","meta":{"_acf_changed":false,"footnotes":""},"categories":[30,27,40],"tags":[432,431,430],"class_list":{"0":"post-5498","1":"post","2":"type-post","3":"status-publish","4":"format-standard","5":"has-post-thumbnail","7":"category-akcesoria","8":"category-baza-wiedzy-o-produktach","9":"category-kawiarnia-speciality","10":"tag-fellow","11":"tag-mlynek-ode","12":"tag-zarna-ode"},"acf":[],"yoast_head":"<!-- This site is optimized with the Yoast SEO plugin v24.9 - https:\/\/yoast.com\/wordpress\/plugins\/seo\/ -->\n<title>Nowe \u017carna ODE 2.0. Czy warto wprowadzi\u0107 je do swojej oferty? - Blog B2B Coffeedesk<\/title>\n<meta name=\"description\" content=\"M\u0142ynek Fellow podbi\u0142 scen\u0119 kawow\u0105 na ca\u0142ym \u015bwiecie. Producenci sprzedali mas\u0119 urz\u0105dze\u0144 przed premier\u0105. Co zyskujemy przy wymianie \u017caren?\" \/>\n<meta name=\"robots\" content=\"index, follow, max-snippet:-1, max-image-preview:large, max-video-preview:-1\" \/>\n<link rel=\"canonical\" href=\"https:\/\/b2b.coffeedesk.pl\/blog\/2022\/12\/12\/zarna-ode\/\" \/>\n<meta property=\"og:locale\" content=\"pl_PL\" \/>\n<meta property=\"og:type\" content=\"article\" \/>\n<meta property=\"og:title\" content=\"Nowe \u017carna ODE 2.0. Czy warto wprowadzi\u0107 je do swojej oferty? - Blog B2B Coffeedesk\" \/>\n<meta property=\"og:description\" content=\"M\u0142ynek Fellow podbi\u0142 scen\u0119 kawow\u0105 na ca\u0142ym \u015bwiecie. Producenci sprzedali mas\u0119 urz\u0105dze\u0144 przed premier\u0105. Co zyskujemy przy wymianie \u017caren?\" \/>\n<meta property=\"og:url\" content=\"https:\/\/b2b.coffeedesk.pl\/blog\/2022\/12\/12\/zarna-ode\/\" \/>\n<meta property=\"og:site_name\" content=\"Blog B2B Coffeedesk\" \/>\n<meta property=\"article:publisher\" content=\"https:\/\/www.facebook.com\/coffeedeskpl\" \/>\n<meta property=\"article:published_time\" content=\"2022-12-12T16:12:47+00:00\" \/>\n<meta property=\"article:modified_time\" content=\"2022-12-14T14:23:23+00:00\" \/>\n<meta property=\"og:image\" content=\"https:\/\/b2b.coffeedesk.pl\/blog\/wp-content\/uploads\/2022\/12\/Ode_Fellow_20200826-054.jpeg\" \/>\n\t<meta property=\"og:image:width\" content=\"1200\" \/>\n\t<meta property=\"og:image:height\" content=\"898\" \/>\n\t<meta property=\"og:image:type\" content=\"image\/jpeg\" \/>\n<meta name=\"author\" content=\"Dominik Ropela\" \/>\n<meta name=\"twitter:card\" content=\"summary_large_image\" \/>\n<meta name=\"twitter:creator\" content=\"@CoffeeDeskPl\" \/>\n<meta name=\"twitter:site\" content=\"@CoffeeDeskPl\" \/>\n<meta name=\"twitter:label1\" content=\"Napisane przez\" \/>\n\t<meta name=\"twitter:data1\" content=\"Dominik Ropela\" \/>\n\t<meta name=\"twitter:label2\" content=\"Szacowany czas czytania\" \/>\n\t<meta name=\"twitter:data2\" content=\"6 minut\" \/>\n<script type=\"application\/ld+json\" class=\"yoast-schema-graph\">{\"@context\":\"https:\/\/schema.org\",\"@graph\":[{\"@type\":\"Article\",\"@id\":\"https:\/\/b2b.coffeedesk.pl\/blog\/2022\/12\/12\/zarna-ode\/#article\",\"isPartOf\":{\"@id\":\"https:\/\/b2b.coffeedesk.pl\/blog\/2022\/12\/12\/zarna-ode\/\"},\"author\":{\"name\":\"Dominik Ropela\",\"@id\":\"https:\/\/b2b.coffeedesk.pl\/blog\/#\/schema\/person\/2d4ea0224b5b22284e8fa1f6d4e9faeb\"},\"headline\":\"Nowe \u017carna ODE 2.0. Czy warto wprowadzi\u0107 je do swojej oferty?\",\"datePublished\":\"2022-12-12T16:12:47+00:00\",\"dateModified\":\"2022-12-14T14:23:23+00:00\",\"mainEntityOfPage\":{\"@id\":\"https:\/\/b2b.coffeedesk.pl\/blog\/2022\/12\/12\/zarna-ode\/\"},\"wordCount\":927,\"publisher\":{\"@id\":\"https:\/\/b2b.coffeedesk.pl\/blog\/#organization\"},\"image\":{\"@id\":\"https:\/\/b2b.coffeedesk.pl\/blog\/2022\/12\/12\/zarna-ode\/#primaryimage\"},\"thumbnailUrl\":\"https:\/\/b2b.coffeedesk.pl\/blog\/wp-content\/uploads\/2022\/12\/Ode_Fellow_20200826-054.jpeg\",\"keywords\":[\"Fellow\",\"mlynek ode\",\"\u017carna Ode\"],\"articleSection\":[\"Akcesoria\",\"Baza wiedzy o produktach\",\"Kawiarnia speciality\"],\"inLanguage\":\"pl-PL\"},{\"@type\":\"WebPage\",\"@id\":\"https:\/\/b2b.coffeedesk.pl\/blog\/2022\/12\/12\/zarna-ode\/\",\"url\":\"https:\/\/b2b.coffeedesk.pl\/blog\/2022\/12\/12\/zarna-ode\/\",\"name\":\"Nowe \u017carna ODE 2.0. Czy warto wprowadzi\u0107 je do swojej oferty? - Blog B2B Coffeedesk\",\"isPartOf\":{\"@id\":\"https:\/\/b2b.coffeedesk.pl\/blog\/#website\"},\"primaryImageOfPage\":{\"@id\":\"https:\/\/b2b.coffeedesk.pl\/blog\/2022\/12\/12\/zarna-ode\/#primaryimage\"},\"image\":{\"@id\":\"https:\/\/b2b.coffeedesk.pl\/blog\/2022\/12\/12\/zarna-ode\/#primaryimage\"},\"thumbnailUrl\":\"https:\/\/b2b.coffeedesk.pl\/blog\/wp-content\/uploads\/2022\/12\/Ode_Fellow_20200826-054.jpeg\",\"datePublished\":\"2022-12-12T16:12:47+00:00\",\"dateModified\":\"2022-12-14T14:23:23+00:00\",\"description\":\"M\u0142ynek Fellow podbi\u0142 scen\u0119 kawow\u0105 na ca\u0142ym \u015bwiecie. Producenci sprzedali mas\u0119 urz\u0105dze\u0144 przed premier\u0105. Co zyskujemy przy wymianie \u017caren?\",\"breadcrumb\":{\"@id\":\"https:\/\/b2b.coffeedesk.pl\/blog\/2022\/12\/12\/zarna-ode\/#breadcrumb\"},\"inLanguage\":\"pl-PL\",\"potentialAction\":[{\"@type\":\"ReadAction\",\"target\":[\"https:\/\/b2b.coffeedesk.pl\/blog\/2022\/12\/12\/zarna-ode\/\"]}]},{\"@type\":\"ImageObject\",\"inLanguage\":\"pl-PL\",\"@id\":\"https:\/\/b2b.coffeedesk.pl\/blog\/2022\/12\/12\/zarna-ode\/#primaryimage\",\"url\":\"https:\/\/b2b.coffeedesk.pl\/blog\/wp-content\/uploads\/2022\/12\/Ode_Fellow_20200826-054.jpeg\",\"contentUrl\":\"https:\/\/b2b.coffeedesk.pl\/blog\/wp-content\/uploads\/2022\/12\/Ode_Fellow_20200826-054.jpeg\",\"width\":1200,\"height\":898},{\"@type\":\"BreadcrumbList\",\"@id\":\"https:\/\/b2b.coffeedesk.pl\/blog\/2022\/12\/12\/zarna-ode\/#breadcrumb\",\"itemListElement\":[{\"@type\":\"ListItem\",\"position\":1,\"name\":\"Strona g\u0142\u00f3wna\",\"item\":\"https:\/\/b2b.coffeedesk.pl\/blog\/\"},{\"@type\":\"ListItem\",\"position\":2,\"name\":\"Nowe \u017carna ODE 2.0. Czy warto wprowadzi\u0107 je do swojej oferty?\"}]},{\"@type\":\"WebSite\",\"@id\":\"https:\/\/b2b.coffeedesk.pl\/blog\/#website\",\"url\":\"https:\/\/b2b.coffeedesk.pl\/blog\/\",\"name\":\"Blog B2B Coffeedesk\",\"description\":\"\",\"publisher\":{\"@id\":\"https:\/\/b2b.coffeedesk.pl\/blog\/#organization\"},\"potentialAction\":[{\"@type\":\"SearchAction\",\"target\":{\"@type\":\"EntryPoint\",\"urlTemplate\":\"https:\/\/b2b.coffeedesk.pl\/blog\/?s={search_term_string}\"},\"query-input\":{\"@type\":\"PropertyValueSpecification\",\"valueRequired\":true,\"valueName\":\"search_term_string\"}}],\"inLanguage\":\"pl-PL\"},{\"@type\":\"Organization\",\"@id\":\"https:\/\/b2b.coffeedesk.pl\/blog\/#organization\",\"name\":\"Coffeedesk.pl B2B\",\"url\":\"https:\/\/b2b.coffeedesk.pl\/blog\/\",\"logo\":{\"@type\":\"ImageObject\",\"inLanguage\":\"pl-PL\",\"@id\":\"https:\/\/b2b.coffeedesk.pl\/blog\/#\/schema\/logo\/image\/\",\"url\":\"https:\/\/b2b.coffeedesk.pl\/blog\/wp-content\/uploads\/2024\/04\/Coffeedesk_business.png\",\"contentUrl\":\"https:\/\/b2b.coffeedesk.pl\/blog\/wp-content\/uploads\/2024\/04\/Coffeedesk_business.png\",\"width\":210,\"height\":53,\"caption\":\"Coffeedesk.pl B2B\"},\"image\":{\"@id\":\"https:\/\/b2b.coffeedesk.pl\/blog\/#\/schema\/logo\/image\/\"},\"sameAs\":[\"https:\/\/www.facebook.com\/coffeedeskpl\",\"https:\/\/x.com\/CoffeeDeskPl\",\"https:\/\/www.instagram.com\/coffeedeskpl\/\",\"https:\/\/www.youtube.com\/user\/coffeedeskpl\",\"https:\/\/www.linkedin.com\/company\/coffeedesk\"]},{\"@type\":\"Person\",\"@id\":\"https:\/\/b2b.coffeedesk.pl\/blog\/#\/schema\/person\/2d4ea0224b5b22284e8fa1f6d4e9faeb\",\"name\":\"Dominik Ropela\",\"image\":{\"@type\":\"ImageObject\",\"inLanguage\":\"pl-PL\",\"@id\":\"https:\/\/b2b.coffeedesk.pl\/blog\/#\/schema\/person\/image\/\",\"url\":\"https:\/\/secure.gravatar.com\/avatar\/9c748979fe47c016f4a2676aa334e5f1?s=96&d=mm&r=g\",\"contentUrl\":\"https:\/\/secure.gravatar.com\/avatar\/9c748979fe47c016f4a2676aa334e5f1?s=96&d=mm&r=g\",\"caption\":\"Dominik Ropela\"},\"description\":\"Prawnik z dusz\u0105 marketingowca. W Coffeedesk odpowiadam za wydarzenia, akcje sprzeda\u017cowe i wszystko, co dzieje si\u0119 \u201ena froncie\u201d warszawskich lokali. Po pracy zagl\u0105dam do nowych gastro miejsc\u00f3wek, podr\u00f3\u017cuj\u0119 i robi\u0119 zdj\u0119cia analogiem, \u017ceby o niczym nie zapomnie\u0107.\",\"sameAs\":[\"https:\/\/www.linkedin.com\/in\/dominik-ropela\/\"],\"url\":\"https:\/\/b2b.coffeedesk.pl\/blog\/author\/dominik-ropela\/\"}]}<\/script>\n<!-- \/ Yoast SEO plugin. -->","yoast_head_json":{"title":"Nowe \u017carna ODE 2.0. Czy warto wprowadzi\u0107 je do swojej oferty? - Blog B2B Coffeedesk","description":"M\u0142ynek Fellow podbi\u0142 scen\u0119 kawow\u0105 na ca\u0142ym \u015bwiecie. Producenci sprzedali mas\u0119 urz\u0105dze\u0144 przed premier\u0105. Co zyskujemy przy wymianie \u017caren?","robots":{"index":"index","follow":"follow","max-snippet":"max-snippet:-1","max-image-preview":"max-image-preview:large","max-video-preview":"max-video-preview:-1"},"canonical":"https:\/\/b2b.coffeedesk.pl\/blog\/2022\/12\/12\/zarna-ode\/","og_locale":"pl_PL","og_type":"article","og_title":"Nowe \u017carna ODE 2.0. Czy warto wprowadzi\u0107 je do swojej oferty? - Blog B2B Coffeedesk","og_description":"M\u0142ynek Fellow podbi\u0142 scen\u0119 kawow\u0105 na ca\u0142ym \u015bwiecie. Producenci sprzedali mas\u0119 urz\u0105dze\u0144 przed premier\u0105. Co zyskujemy przy wymianie \u017caren?","og_url":"https:\/\/b2b.coffeedesk.pl\/blog\/2022\/12\/12\/zarna-ode\/","og_site_name":"Blog B2B Coffeedesk","article_publisher":"https:\/\/www.facebook.com\/coffeedeskpl","article_published_time":"2022-12-12T16:12:47+00:00","article_modified_time":"2022-12-14T14:23:23+00:00","og_image":[{"width":1200,"height":898,"url":"https:\/\/b2b.coffeedesk.pl\/blog\/wp-content\/uploads\/2022\/12\/Ode_Fellow_20200826-054.jpeg","type":"image\/jpeg"}],"author":"Dominik Ropela","twitter_card":"summary_large_image","twitter_creator":"@CoffeeDeskPl","twitter_site":"@CoffeeDeskPl","twitter_misc":{"Napisane przez":"Dominik Ropela","Szacowany czas czytania":"6 minut"},"schema":{"@context":"https:\/\/schema.org","@graph":[{"@type":"Article","@id":"https:\/\/b2b.coffeedesk.pl\/blog\/2022\/12\/12\/zarna-ode\/#article","isPartOf":{"@id":"https:\/\/b2b.coffeedesk.pl\/blog\/2022\/12\/12\/zarna-ode\/"},"author":{"name":"Dominik Ropela","@id":"https:\/\/b2b.coffeedesk.pl\/blog\/#\/schema\/person\/2d4ea0224b5b22284e8fa1f6d4e9faeb"},"headline":"Nowe \u017carna ODE 2.0. Czy warto wprowadzi\u0107 je do swojej oferty?","datePublished":"2022-12-12T16:12:47+00:00","dateModified":"2022-12-14T14:23:23+00:00","mainEntityOfPage":{"@id":"https:\/\/b2b.coffeedesk.pl\/blog\/2022\/12\/12\/zarna-ode\/"},"wordCount":927,"publisher":{"@id":"https:\/\/b2b.coffeedesk.pl\/blog\/#organization"},"image":{"@id":"https:\/\/b2b.coffeedesk.pl\/blog\/2022\/12\/12\/zarna-ode\/#primaryimage"},"thumbnailUrl":"https:\/\/b2b.coffeedesk.pl\/blog\/wp-content\/uploads\/2022\/12\/Ode_Fellow_20200826-054.jpeg","keywords":["Fellow","mlynek ode","\u017carna Ode"],"articleSection":["Akcesoria","Baza wiedzy o produktach","Kawiarnia speciality"],"inLanguage":"pl-PL"},{"@type":"WebPage","@id":"https:\/\/b2b.coffeedesk.pl\/blog\/2022\/12\/12\/zarna-ode\/","url":"https:\/\/b2b.coffeedesk.pl\/blog\/2022\/12\/12\/zarna-ode\/","name":"Nowe \u017carna ODE 2.0. Czy warto wprowadzi\u0107 je do swojej oferty? - Blog B2B Coffeedesk","isPartOf":{"@id":"https:\/\/b2b.coffeedesk.pl\/blog\/#website"},"primaryImageOfPage":{"@id":"https:\/\/b2b.coffeedesk.pl\/blog\/2022\/12\/12\/zarna-ode\/#primaryimage"},"image":{"@id":"https:\/\/b2b.coffeedesk.pl\/blog\/2022\/12\/12\/zarna-ode\/#primaryimage"},"thumbnailUrl":"https:\/\/b2b.coffeedesk.pl\/blog\/wp-content\/uploads\/2022\/12\/Ode_Fellow_20200826-054.jpeg","datePublished":"2022-12-12T16:12:47+00:00","dateModified":"2022-12-14T14:23:23+00:00","description":"M\u0142ynek Fellow podbi\u0142 scen\u0119 kawow\u0105 na ca\u0142ym \u015bwiecie. Producenci sprzedali mas\u0119 urz\u0105dze\u0144 przed premier\u0105. Co zyskujemy przy wymianie \u017caren?","breadcrumb":{"@id":"https:\/\/b2b.coffeedesk.pl\/blog\/2022\/12\/12\/zarna-ode\/#breadcrumb"},"inLanguage":"pl-PL","potentialAction":[{"@type":"ReadAction","target":["https:\/\/b2b.coffeedesk.pl\/blog\/2022\/12\/12\/zarna-ode\/"]}]},{"@type":"ImageObject","inLanguage":"pl-PL","@id":"https:\/\/b2b.coffeedesk.pl\/blog\/2022\/12\/12\/zarna-ode\/#primaryimage","url":"https:\/\/b2b.coffeedesk.pl\/blog\/wp-content\/uploads\/2022\/12\/Ode_Fellow_20200826-054.jpeg","contentUrl":"https:\/\/b2b.coffeedesk.pl\/blog\/wp-content\/uploads\/2022\/12\/Ode_Fellow_20200826-054.jpeg","width":1200,"height":898},{"@type":"BreadcrumbList","@id":"https:\/\/b2b.coffeedesk.pl\/blog\/2022\/12\/12\/zarna-ode\/#breadcrumb","itemListElement":[{"@type":"ListItem","position":1,"name":"Strona g\u0142\u00f3wna","item":"https:\/\/b2b.coffeedesk.pl\/blog\/"},{"@type":"ListItem","position":2,"name":"Nowe \u017carna ODE 2.0. Czy warto wprowadzi\u0107 je do swojej oferty?"}]},{"@type":"WebSite","@id":"https:\/\/b2b.coffeedesk.pl\/blog\/#website","url":"https:\/\/b2b.coffeedesk.pl\/blog\/","name":"Blog B2B Coffeedesk","description":"","publisher":{"@id":"https:\/\/b2b.coffeedesk.pl\/blog\/#organization"},"potentialAction":[{"@type":"SearchAction","target":{"@type":"EntryPoint","urlTemplate":"https:\/\/b2b.coffeedesk.pl\/blog\/?s={search_term_string}"},"query-input":{"@type":"PropertyValueSpecification","valueRequired":true,"valueName":"search_term_string"}}],"inLanguage":"pl-PL"},{"@type":"Organization","@id":"https:\/\/b2b.coffeedesk.pl\/blog\/#organization","name":"Coffeedesk.pl B2B","url":"https:\/\/b2b.coffeedesk.pl\/blog\/","logo":{"@type":"ImageObject","inLanguage":"pl-PL","@id":"https:\/\/b2b.coffeedesk.pl\/blog\/#\/schema\/logo\/image\/","url":"https:\/\/b2b.coffeedesk.pl\/blog\/wp-content\/uploads\/2024\/04\/Coffeedesk_business.png","contentUrl":"https:\/\/b2b.coffeedesk.pl\/blog\/wp-content\/uploads\/2024\/04\/Coffeedesk_business.png","width":210,"height":53,"caption":"Coffeedesk.pl B2B"},"image":{"@id":"https:\/\/b2b.coffeedesk.pl\/blog\/#\/schema\/logo\/image\/"},"sameAs":["https:\/\/www.facebook.com\/coffeedeskpl","https:\/\/x.com\/CoffeeDeskPl","https:\/\/www.instagram.com\/coffeedeskpl\/","https:\/\/www.youtube.com\/user\/coffeedeskpl","https:\/\/www.linkedin.com\/company\/coffeedesk"]},{"@type":"Person","@id":"https:\/\/b2b.coffeedesk.pl\/blog\/#\/schema\/person\/2d4ea0224b5b22284e8fa1f6d4e9faeb","name":"Dominik Ropela","image":{"@type":"ImageObject","inLanguage":"pl-PL","@id":"https:\/\/b2b.coffeedesk.pl\/blog\/#\/schema\/person\/image\/","url":"https:\/\/secure.gravatar.com\/avatar\/9c748979fe47c016f4a2676aa334e5f1?s=96&d=mm&r=g","contentUrl":"https:\/\/secure.gravatar.com\/avatar\/9c748979fe47c016f4a2676aa334e5f1?s=96&d=mm&r=g","caption":"Dominik Ropela"},"description":"Prawnik z dusz\u0105 marketingowca. W Coffeedesk odpowiadam za wydarzenia, akcje sprzeda\u017cowe i wszystko, co dzieje si\u0119 \u201ena froncie\u201d warszawskich lokali. Po pracy zagl\u0105dam do nowych gastro miejsc\u00f3wek, podr\u00f3\u017cuj\u0119 i robi\u0119 zdj\u0119cia analogiem, \u017ceby o niczym nie zapomnie\u0107.","sameAs":["https:\/\/www.linkedin.com\/in\/dominik-ropela\/"],"url":"https:\/\/b2b.coffeedesk.pl\/blog\/author\/dominik-ropela\/"}]}},"_links":{"self":[{"href":"https:\/\/b2b.coffeedesk.pl\/blog\/wp-json\/wp\/v2\/posts\/5498"}],"collection":[{"href":"https:\/\/b2b.coffeedesk.pl\/blog\/wp-json\/wp\/v2\/posts"}],"about":[{"href":"https:\/\/b2b.coffeedesk.pl\/blog\/wp-json\/wp\/v2\/types\/post"}],"author":[{"embeddable":true,"href":"https:\/\/b2b.coffeedesk.pl\/blog\/wp-json\/wp\/v2\/users\/15"}],"replies":[{"embeddable":true,"href":"https:\/\/b2b.coffeedesk.pl\/blog\/wp-json\/wp\/v2\/comments?post=5498"}],"version-history":[{"count":4,"href":"https:\/\/b2b.coffeedesk.pl\/blog\/wp-json\/wp\/v2\/posts\/5498\/revisions"}],"predecessor-version":[{"id":5514,"href":"https:\/\/b2b.coffeedesk.pl\/blog\/wp-json\/wp\/v2\/posts\/5498\/revisions\/5514"}],"wp:featuredmedia":[{"embeddable":true,"href":"https:\/\/b2b.coffeedesk.pl\/blog\/wp-json\/wp\/v2\/media\/5499"}],"wp:attachment":[{"href":"https:\/\/b2b.coffeedesk.pl\/blog\/wp-json\/wp\/v2\/media?parent=5498"}],"wp:term":[{"taxonomy":"category","embeddable":true,"href":"https:\/\/b2b.coffeedesk.pl\/blog\/wp-json\/wp\/v2\/categories?post=5498"},{"taxonomy":"post_tag","embeddable":true,"href":"https:\/\/b2b.coffeedesk.pl\/blog\/wp-json\/wp\/v2\/tags?post=5498"}],"curies":[{"name":"wp","href":"https:\/\/api.w.org\/{rel}","templated":true}]}}