{"id":4918,"date":"2022-07-31T12:54:54","date_gmt":"2022-07-31T10:54:54","guid":{"rendered":"https:\/\/b2b.coffeedesk.pl\/blog\/?p=4918"},"modified":"2023-03-05T15:07:17","modified_gmt":"2023-03-05T14:07:17","slug":"jaki-ekspres-do-biura-wybrac","status":"publish","type":"post","link":"https:\/\/b2b.coffeedesk.pl\/blog\/2022\/07\/31\/jaki-ekspres-do-biura-wybrac\/","title":{"rendered":"Jaki ekspres do biura wybra\u0107?"},"content":{"rendered":"\n<h3 class=\"wp-block-heading\"><strong>Wiele bada\u0144 wskazuje, \u017ce kawa wp\u0142ywa pozytywnie na r\u00f3\u017cne aspekty funkcjonowania naszego m\u00f3zgu, nale\u017c\u0105 do nich: pami\u0119\u0107, nastr\u00f3j, czas reakcji i poziom energii. Kawa to najlepszy przyjaciel produktywno\u015bci, wi\u0119c nic dziwnego, \u017ce ch\u0119tnie si\u0119gamy po ni\u0105 w pracy. Jak powszechnie wiadomo jako\u015b\u0107 ma znaczenie, dlatego dzi\u015b doradzamy jaki ekspres wybra\u0107 do biura. Do dzie\u0142a!&nbsp;<\/strong><\/h3>\n\n\n\n<figure class=\"wp-block-image size-large\"><img loading=\"lazy\" decoding=\"async\" width=\"1024\" height=\"683\" src=\"https:\/\/b2b.coffeedesk.pl\/blog\/wp-content\/uploads\/2022\/08\/AdobeStock_475546680-1024x683.jpg\" alt=\"\" class=\"wp-image-4920\" srcset=\"https:\/\/b2b.coffeedesk.pl\/blog\/wp-content\/uploads\/2022\/08\/AdobeStock_475546680-1024x683.jpg 1024w, https:\/\/b2b.coffeedesk.pl\/blog\/wp-content\/uploads\/2022\/08\/AdobeStock_475546680-300x200.jpg 300w, https:\/\/b2b.coffeedesk.pl\/blog\/wp-content\/uploads\/2022\/08\/AdobeStock_475546680-270x180.jpg 270w, https:\/\/b2b.coffeedesk.pl\/blog\/wp-content\/uploads\/2022\/08\/AdobeStock_475546680-770x515.jpg 770w, https:\/\/b2b.coffeedesk.pl\/blog\/wp-content\/uploads\/2022\/08\/AdobeStock_475546680.jpg 1200w\" sizes=\"(max-width: 1024px) 100vw, 1024px\" \/><\/figure>\n\n\n\n<p>Biuro biurowi nie r\u00f3wne, oznacza to, \u017ce r\u00f3wnie\u017c ekspres b\u0119dzie r\u00f3\u017cni\u0142 si\u0119 wzgl\u0119dem ilo\u015bci pracownik\u00f3w, co za tym idzie ilo\u015bci kaw dziennie, gustu kawowego i osobistych preferencji. Ogromny wp\u0142yw na wyb\u00f3r sprz\u0119tu ma r\u00f3wnie\u017c bud\u017cet, kt\u00f3ry chcemy na niego przeznaczy\u0107. Na og\u00f3\u0142, w pracy cenimy sobie szybko\u015b\u0107 i dok\u0142adno\u015b\u0107, dlatego najlepszym rozwi\u0105zaniem niezale\u017cnie od wielko\u015bci twojego zak\u0142adu pracy b\u0119dzie ekspres automatyczny, kilka przycisk\u00f3w i kawa gotowa!<\/p>\n\n\n\n<p>\u017beby u\u0142atwi\u0107 wyb\u00f3r, przygotowali\u015bmy ranking profesjonalnych ekspres\u00f3w do kawy.&nbsp; Wielko\u015b\u0107 to jednak poj\u0119cie wzgl\u0119dne dlatego jako ma\u0142e biuro okre\u015blili\u015bmy miejsce gdzie jest zapotrzebowanie na mniej ni\u017c 30 kaw dziennie, \u015brednie do 80 kaw i du\u017ce powy\u017cej 80.<\/p>\n\n\n\n<figure class=\"wp-block-image size-large\"><img loading=\"lazy\" decoding=\"async\" width=\"1024\" height=\"683\" src=\"https:\/\/b2b.coffeedesk.pl\/blog\/wp-content\/uploads\/2022\/08\/AdobeStock_458631336-1024x683.jpg\" alt=\"\" class=\"wp-image-4922\" srcset=\"https:\/\/b2b.coffeedesk.pl\/blog\/wp-content\/uploads\/2022\/08\/AdobeStock_458631336-1024x683.jpg 1024w, https:\/\/b2b.coffeedesk.pl\/blog\/wp-content\/uploads\/2022\/08\/AdobeStock_458631336-300x200.jpg 300w, https:\/\/b2b.coffeedesk.pl\/blog\/wp-content\/uploads\/2022\/08\/AdobeStock_458631336-270x180.jpg 270w, https:\/\/b2b.coffeedesk.pl\/blog\/wp-content\/uploads\/2022\/08\/AdobeStock_458631336-770x515.jpg 770w, https:\/\/b2b.coffeedesk.pl\/blog\/wp-content\/uploads\/2022\/08\/AdobeStock_458631336.jpg 1200w\" sizes=\"(max-width: 1024px) 100vw, 1024px\" \/><\/figure>\n\n\n\n<h1 class=\"wp-block-heading\"><strong>Kameralna atmosfera &#8211; ekspresy do ma\u0142ego biura<\/strong><\/h1>\n\n\n\n<ol class=\"wp-block-list\">\n<li><strong><a href=\"https:\/\/b2b.coffeedesk.pl\/product\/9948\/Nivona-Caferomatica-960\" target=\"_blank\" rel=\"noreferrer noopener\">Nivona CafeRomatica 960<\/a><\/strong><\/li>\n<\/ol>\n\n\n\n<p>Jest to nowoczesny ekspres automatyczny, kt\u00f3ry idealnie sprawdzi si\u0119 w ma\u0142ym biurze. Jego najwi\u0119ksze atuty to elegancki i minimalistyczny design, a tak\u017ce kompaktowy rozmiar. Niech wygl\u0105d was nie zmyli, ekspres jest w stanie spokojnie sprosta\u0107 nawet 30 kawom dziennie. Bardzo cicha praca m\u0142ynka, mo\u017cliwo\u015b\u0107 przygotowania dw\u00f3ch kaw w tym samym czasie, a dla fan\u00f3w elektroniki aplikacja bluetooth, kt\u00f3r\u0105 mo\u017cliwe jest sterowanie. Na uwag\u0119 zas\u0142uguje r\u00f3wnie\u017c \u0142atwo\u015b\u0107 czyszczenia, co sprawi \u017ce higiena ekspresu, b\u0119dzie prostsza ni\u017c zwykle.&nbsp;<\/p>\n\n\n\n<p><a href=\"https:\/\/b2b.coffeedesk.pl\/nasze-marki\/nivona\/\" target=\"_blank\" rel=\"noreferrer noopener\">Zobacz wszystkie ekspresy Nivona.<\/a><\/p>\n\n\n\n<ol class=\"wp-block-list\" start=\"2\">\n<li><strong><a href=\"https:\/\/b2b.coffeedesk.pl\/product\/16165\/Jura-S8-Chrome\" target=\"_blank\" rel=\"noreferrer noopener\">Jura S8 Chrome<\/a><\/strong><\/li>\n<\/ol>\n\n\n\n<p>Gdybym jednym s\u0142owem mia\u0142 opisa\u0107 ten ekspres by\u0142oby to trwa\u0142o\u015b\u0107. Ekspres Jura to przede wszystkim uk\u0142on w stron\u0119 naprawd\u0119 wysokiej jako\u015bci kawy. Ten ekspres to jako\u015b\u0107 i precyzja pod ka\u017cdym wzgl\u0119dem &#8211; mo\u017cliwo\u015b\u0107 personalizacji 15 r\u00f3\u017cnych napoj\u00f3w kawowych, proces ekstrakcji pulsacyjnej dla idealnego espresso i profesjonalna dysza z wymienn\u0105 ko\u0144c\u00f3wk\u0105, czego trzeba wi\u0119cej?&nbsp; Ca\u0142o\u015b\u0107 zamkni\u0119ta jest w klasycznej i prostej obudowie wyposa\u017conej w dotykowy ekran, aby obs\u0142uga by\u0142a jeszcze prostsza!<\/p>\n\n\n\n<p><a href=\"https:\/\/b2b.coffeedesk.pl\/nasze-marki\/jura\/\" target=\"_blank\" rel=\"noreferrer noopener\">Zobacz wszystkie ekspresy Jura.<\/a><\/p>\n\n\n\n<ol class=\"wp-block-list\" start=\"3\">\n<li><strong><a href=\"https:\/\/b2b.coffeedesk.pl\/product\/16850\/Melitta-Barista-T-Smart-Srebrny-Bez-Pojemnika-Na-Mleko-Ekspres-Cisnieniowy\" target=\"_blank\" rel=\"noreferrer noopener\">Melitta Barista T Smart&nbsp;<\/a><\/strong><\/li>\n<\/ol>\n\n\n\n<p>Jako ostatni ekspres do ma\u0142ego biura polecamy produkt niemieckiej marki Mellitta. Najwi\u0119ksze zalety&nbsp; tego malucha, kt\u00f3re nale\u017cy wymieni\u0107 to: mo\u017cliwo\u015b\u0107 przygotowania a\u017c 18 specja\u0142\u00f3w kawowych &#8211; w tym kaw mlecznych, programowanie w\u0142asnych przepis\u00f3w, wygodny panel z kolorowym wy\u015bwietlaczem i mo\u017cliwo\u015b\u0107 obs\u0142ugi przy u\u017cyciu aplikacji w smartfonie.&nbsp; Mnie osobi\u015bcie uwi\u00f3d\u0142 dwukomorowy pojemnik na ziarna, dzi\u0119ki kt\u00f3remu mo\u017cemy wybra\u0107 np. czy chcemy kaw\u0119 palon\u0105 ciemniej czy ja\u015bniej.&nbsp;<\/p>\n\n\n\n<p><a href=\"https:\/\/b2b.coffeedesk.pl\/nasze-marki\/melitta-ekspresy\/\" target=\"_blank\" rel=\"noreferrer noopener\">Zobacz wszystkie ekspresy Melitta.<\/a><\/p>\n\n\n\n<h1 class=\"wp-block-heading\"><strong>Firma si\u0119 rozrasta &#8211; ekspresy do \u015bredniego biura&nbsp;<\/strong><\/h1>\n\n\n\n<ol class=\"wp-block-list\">\n<li><strong><a href=\"https:\/\/b2b.coffeedesk.pl\/product\/16162\/Jura-We8-Chrome\" target=\"_blank\" rel=\"noreferrer noopener\">Jura WE8 Chrome<\/a><\/strong><\/li>\n<\/ol>\n\n\n\n<p>Kto z nas kiedykolwiek korzysta\u0142 z ekspresu automatycznego na pewno mia\u0142 tak\u0105 sytuacj\u0119, \u017ce zanim zrobimy swoj\u0105 ulubion\u0105 kaw\u0119 musimy dola\u0107 wody, wymieni\u0107 pojemnik na fusy, odkamieni\u0107 sprz\u0119t i wykona\u0107 10 innych polece\u0144 z ekranu. Tu tego nie do\u015bwiadczymy! A to wszystko za spraw\u0105 pojemnika na fusy o wielko\u015bci 25 kaw, 3 l pojemno\u015bci wody i 500 g kawy. Poza pojemno\u015bci\u0105 ekspres gwarantuje nam 30 r\u00f3\u017cnych specja\u0142\u00f3w kawowych, intuicyjn\u0105 obs\u0142ug\u0119 i mo\u017cliwo\u015b\u0107 programowania, dla tych kt\u00f3rzy nie lubi\u0105 kompromis\u00f3w!&nbsp;<\/p>\n\n\n\n<p><a href=\"https:\/\/b2b.coffeedesk.pl\/nasze-marki\/jura\/\" target=\"_blank\" rel=\"noreferrer noopener\">Zobacz wszystkie ekspresy Jura.<\/a><\/p>\n\n\n\n<ol class=\"wp-block-list\" start=\"2\">\n<li><strong><a href=\"https:\/\/b2b.coffeedesk.pl\/product\/9575\/Dr-Coffee-F11-Ekspres-Cisnieniowy\" target=\"_blank\" rel=\"noreferrer noopener\">Dr. Coffee F11<\/a><\/strong><\/li>\n<\/ol>\n\n\n\n<p>100 kaw dziennie? \u017baden problem!&nbsp; DR Coffee F11 Big Plus zosta\u0142 doceniony w bran\u017cy gastronomicznej, dzi\u0119ki przystosowaniu do du\u017cej ilo\u015bci robionych kaw oraz niezwykle intuicyjnej obs\u0142udze.&nbsp; Szczeg\u00f3lnie zastosowania znajdzie&nbsp; w restauracjach, hotelach, kawiarniach a przede wszystkim du\u017cych biurowcach.&nbsp; W tym urz\u0105dzeniu znajdziemy mo\u017cliwo\u015b\u0107 sta\u0142ego pod\u0142\u0105czenia do wody, inteligentny system spieniania mleka, pojemnik mieszcz\u0105cy kilogram kawy i szeroki wachlarz funkcji sprawiaj\u0105cy \u017ce obs\u0142uga nigdy jeszcze nie by\u0142a tak prosta!&nbsp;<\/p>\n\n\n\n<p><a href=\"https:\/\/b2b.coffeedesk.pl\/nasze-marki\/dr--coffee\/\" target=\"_blank\" rel=\"noreferrer noopener\">Zobacz wszystkie ekspresy Dr. Coffee.<\/a><\/p>\n\n\n\n<h1 class=\"wp-block-heading\"><strong>Profesjonalno\u015b\u0107 na najwy\u017cszym poziomie &#8211; ekspresy do du\u017cego biura&nbsp;<\/strong><\/h1>\n\n\n\n<ol class=\"wp-block-list\">\n<li><strong><a href=\"https:\/\/b2b.coffeedesk.pl\/product\/9956\/Jura-Giga-X8\" target=\"_blank\" rel=\"noreferrer noopener\">Jura X8<\/a><\/strong><\/li>\n<\/ol>\n\n\n\n<p>Jednym zdaniem: Najnowocze\u015bniejsze technologie zapewniaj\u0105ce maksymaln\u0105 przyjemno\u015b\u0107 picia kawy! Kawa niemal jak z kawiarni, a to dzi\u0119ki profesjonalnemu m\u0142ynkowi, niepor\u00f3wywalnie szybkiej obs\u0142udze i mo\u017cliwo\u015bci parzenia dw\u00f3ch kaw jednocze\u015bnie. Ekspres Jura X8 Platin mo\u017cna dodatkowo rozbudowa\u0107 o seri\u0119 dodatk\u00f3w takich jak podgrzewacz do fili\u017canek, ch\u0142odziarka do mleka, system uzupe\u0142niania \u015bwie\u017cej wody lub system poboru op\u0142at. Ca\u0142o\u015b\u0107 stanowi idealn\u0105 podstaw\u0119 do tworzenia indywidualnych, kompletnych rozwi\u0105za\u0144 dla twojej firmy.<\/p>\n\n\n\n<ol class=\"wp-block-list\" start=\"2\">\n<li><strong><a href=\"https:\/\/b2b.coffeedesk.pl\/product\/9954\/Jura-Giga-X3\" target=\"_blank\" rel=\"noreferrer noopener\">Jura Giga X3<\/a><\/strong><\/li>\n<\/ol>\n\n\n\n<p>Ekspres automatyczny Jura GIGA X3 z linii profesjonalnych sprz\u0119t\u00f3w marki Jura, to model wykonany z materia\u0142\u00f3w najwy\u017cszej jako\u015bci, kt\u00f3ry oferuje zaawansowane technologie. Urz\u0105dzenie posiada podw\u00f3jn\u0105 wylewk\u0119, z kt\u00f3rej mog\u0105 pop\u0142yn\u0105\u0107 dwie porcje kawy jednocze\u015bnie, a dzi\u0119ki funkcji Speed ca\u0142y proces przygotowywania napoju trwa zaskakuj\u0105co kr\u00f3tko. Aby wybra\u0107 jedn\u0105 z kaw, wystarczy odnale\u017a\u0107 j\u0105 na kolorowym, dotykowym wy\u015bwietlaczu \u2013 mo\u017cna wybiera\u0107 spo\u015br\u00f3d 32 specja\u0142\u00f3w kawowych, a wszystkie opcje s\u0105 prezentowane w czytelny spos\u00f3b.&nbsp;<\/p>\n\n\n\n<h1 class=\"wp-block-heading\"><strong>Alternatywne rozwi\u0105zanie dla twojego biura &#8211; ekspres przelewowy<\/strong><\/h1>\n\n\n\n<p>Scena w ameryka\u0144skich firmach, kiedy g\u0142\u00f3wny aktor siedzi na sk\u00f3rzanej kanapie w lokalu i pi\u0119kna Pani polewa mu kubek czarnej kawy z du\u017cego szklanego dzbanka\u2026. To w\u0142a\u015bnie za spraw\u0105 ekspresu przelewowego bohater naszej opowie\u015bci mo\u017ce cieszy\u0107 si\u0119 swoim ulubionym kawowym naparem. Takie rozwi\u0105zanie r\u00f3wnie\u017c sprawdzi si\u0119 w twoim w biurze poniewa\u017c dzi\u0119ki przelew\u00f3wce mo\u017cesz bardzo szybko i bez wi\u0119kszego wysi\u0142ku przygotowa\u0107 kaw\u0119 dla ca\u0142ego zespo\u0142u! Ekspres przelewowy zdecydowanie wygrywa z automatem mo\u017cliwo\u015bci\u0105 przygotowania du\u017cej ilo\u015bci kawy \u201cna raz\u201d i doborem jasno palonych ziaren, z kt\u00f3rych zdecydowanie \u0142atwiej wydoby\u0107 profil sensoryczny.&nbsp; Jako minusy musimy wskaza\u0107 brak mo\u017cliwo\u015bci przygotowania popularnych kaw na bazie espresso i konieczno\u015b\u0107 u\u017cywania filtr\u00f3w.&nbsp;<\/p>\n\n\n\n<h1 class=\"wp-block-heading\"><strong>Ekspresy przelewowe, kt\u00f3re sprawdz\u0105 si\u0119 w twoim biurze to:<\/strong><\/h1>\n\n\n\n<ol class=\"wp-block-list\">\n<li><strong><a href=\"https:\/\/b2b.coffeedesk.pl\/ekspresy-do-kawy\/ekspresy-przelewowe\/filters\/attribute\/48\/1181\/\">Moccamaster<\/a><\/strong><\/li>\n<\/ol>\n\n\n\n<p>Najbardziej kultowy producent ekspres\u00f3w przelewowych. Moccamaster to marka mieszcz\u0105ca si\u0119 w sercu Holandii. Jej w\u0142a\u015bciciele za zadanie postawili sobie tworzenie absolutnie niezawodnych, \u0142atwych w obs\u0142udze urz\u0105dze\u0144, na kt\u00f3rych mo\u017cna polega\u0107 i kt\u00f3re zapewniaj\u0105 pe\u0142n\u0105 satysfakcj\u0119. Do jego najwi\u0119kszych zalet nale\u017cy trwa\u0142o\u015b\u0107 i ogromna dost\u0119pno\u015b\u0107 na rynku cz\u0119\u015bci wymiennych. Do tego przepi\u0119kny design z niezliczon\u0105 ilo\u015bci\u0105 kolor\u00f3w. Do parzenia kawy w moccamasterze konieczne b\u0119dzie posiadanie zewn\u0119trznego m\u0142ynka, b\u0105d\u017a te\u017c korzystanie ze zmielonej kawy.&nbsp;<\/p>\n\n\n\n<ol class=\"wp-block-list\" start=\"2\">\n<li><strong><a href=\"https:\/\/b2b.coffeedesk.pl\/search\/Melitta%20AromaFresh%20\/\">Melitta AromaFresh&nbsp;<\/a><\/strong><\/li>\n<\/ol>\n\n\n\n<p>Coraz wi\u0119ksz\u0105 popularno\u015b\u0107 w \u015bwiecie kawy zdobywa r\u00f3wnie\u017c ekspres Melitta AromaFresh, a to wszystko za spraw\u0105 wspania\u0142ej jako\u015bci naparu jak\u0105 oferuje, relatywnie niskiej cenie i wbudowanemu m\u0142ynkowi, co na og\u00f3\u0142 stanowi rzadko\u015b\u0107 w ekspresach przelewowych. W\u015br\u00f3d jego najwi\u0119kszych zalet mo\u017cna wymieni\u0107 regulacj\u0119 grubo\u015bci mielenia, mo\u017cliwo\u015b\u0107 jednorazowego przygotowania do 1,25 litra kawy ze \u015bwie\u017co zmielonego ziarna, termos i funkcj\u0119 programowania godziny parzenia.&nbsp;<\/p>\n\n\n\n<figure class=\"wp-block-image size-large\"><img loading=\"lazy\" decoding=\"async\" width=\"1024\" height=\"683\" src=\"https:\/\/b2b.coffeedesk.pl\/blog\/wp-content\/uploads\/2018\/09\/15-1024x683.jpg\" alt=\"\" class=\"wp-image-1316\" srcset=\"https:\/\/b2b.coffeedesk.pl\/blog\/wp-content\/uploads\/2018\/09\/15-1024x683.jpg 1024w, https:\/\/b2b.coffeedesk.pl\/blog\/wp-content\/uploads\/2018\/09\/15-300x200.jpg 300w, https:\/\/b2b.coffeedesk.pl\/blog\/wp-content\/uploads\/2018\/09\/15-768x512.jpg 768w, https:\/\/b2b.coffeedesk.pl\/blog\/wp-content\/uploads\/2018\/09\/15-270x180.jpg 270w, https:\/\/b2b.coffeedesk.pl\/blog\/wp-content\/uploads\/2018\/09\/15-770x515.jpg 770w\" sizes=\"(max-width: 1024px) 100vw, 1024px\" \/><\/figure>\n\n\n\n<h2 class=\"wp-block-heading\"><strong>Jak okre\u015bli\u0107 zapotrzebowanie w moim biurze?<\/strong><\/h2>\n\n\n\n<p>Podzia\u0142 na wielko\u015b\u0107 biura, okre\u015bli\u0142em na pocz\u0105tku wpisu. Jednak ile faktycznie przypada kawy na jednego pracownika? Ju\u017c odpowiadam! Za\u0142o\u017cenie jest takie, \u017ce na osob\u0119 w biurze przypada 1,5 kawy z ekspresu. W zale\u017cno\u015bci od zespo\u0142u ok. 70% os\u00f3b spo\u017cywa kaw\u0119, je\u015bli jednak masz mo\u017cliwo\u015b\u0107 to sprawdzi\u0107 to warto zbada\u0107 sw\u00f3j zesp\u00f3\u0142, chocia\u017cby poprzez kr\u00f3tk\u0105 ankiet\u0119. No dobrze wi\u0119c teraz szybka matematyka \ud83d\ude42 Je\u015bli w moim biurze pracuje 30 os\u00f3b, z czego 70% wypija 1,5 kawy dziennie to \u2026moje zapotrzebowanie wynosi 31,5 kawy dziennie i w\u0142a\u015bnie pod ten wynik powinienem wybra\u0107 <a href=\"https:\/\/b2b.coffeedesk.pl\/ekspresy-do-kawy\/do-biura\/\">ekspres<\/a>.<\/p>\n\n\n\n<p>Po wyborze ekspresu nale\u017cy r\u00f3wnie\u017c zaopatrzy\u0107 si\u0119 w dobrej jako\u015bci ziarna, tu r\u00f3wnie\u017c przelicznik jest bardzo prosty. Zale\u017cnie od modelu \u015brednio liczymy, \u017ce z 1 kg kawy otrzymujemy 100 kaw z ekspresu. Jak ju\u017c ustalili\u015bmy w naszym 30 osobowym biurze, dzienne zapotrzebowanie to 31,5 kawy. Oznacza to, \u017ce 1 kg kawy wystarczy nam na 3 dni. Zak\u0142adaj\u0105c, \u017ce wszyscy pracuj\u0105 codziennie i miesi\u0105c ma 21 dni roboczych, ca\u0142kowite zapotrzebowanie na kaw\u0119 wyniesie od 7 do 10 kg miesi\u0119cznie.&nbsp;<\/p>\n\n\n\n<p>Je\u015bli po przeczytaniu tego tekstu nurtuj\u0105 Ci\u0119 jeszcze pytania o kwestie techniczne dotycz\u0105ce wy\u017cej wymienionych ekspres\u00f3w, b\u0105d\u017a chcia\u0142by\u015b wiedzie\u0107 wi\u0119cej na temat przeliczania ilo\u015bci kawy na pracownika lub masz dla nas wyj\u0105tkowe zadanie, skontaktuj si\u0119 z nami, o <a href=\"https:\/\/b2b.coffeedesk.pl\/kontakt\/\">tutaj<\/a>. Nasi handlowcy, jak i zesp\u00f3\u0142 business support z wielk\u0105 przyjemno\u015bci\u0105 udziel\u0105 Ci potrzebnego wsparcia.&nbsp;<\/p>\n","protected":false},"excerpt":{"rendered":"<p>Kawa to najlepszy przyjaciel produktywno\u015bci, wi\u0119c nic dziwnego, \u017ce ch\u0119tnie si\u0119gamy po ni\u0105 w pracy. Doradzamy jaki ekspres wybra\u0107 do biura.<\/p>\n","protected":false},"author":15,"featured_media":4920,"comment_status":"closed","ping_status":"closed","sticky":false,"template":"","format":"standard","meta":{"_acf_changed":false,"footnotes":""},"categories":[42],"tags":[],"class_list":{"0":"post-4918","1":"post","2":"type-post","3":"status-publish","4":"format-standard","5":"has-post-thumbnail","7":"category-biuro"},"acf":[],"yoast_head":"<!-- This site is optimized with the Yoast SEO plugin v24.9 - https:\/\/yoast.com\/wordpress\/plugins\/seo\/ -->\n<title>Jaki ekspres do kawiarni wybra\u0107? \u2013 Blog B2B Coffeedesk<\/title>\n<meta name=\"description\" content=\"Szukasz profesjonalnego ekspresu do kawy do kawiarni? Zobacz porady naszych specjalist\u00f3w i postaw na ekspres ci\u015bnieniowy.\" \/>\n<meta name=\"robots\" content=\"index, follow, max-snippet:-1, max-image-preview:large, max-video-preview:-1\" \/>\n<link rel=\"canonical\" href=\"https:\/\/b2b.coffeedesk.pl\/blog\/2022\/07\/31\/jaki-ekspres-do-biura-wybrac\/\" \/>\n<meta property=\"og:locale\" content=\"pl_PL\" \/>\n<meta property=\"og:type\" content=\"article\" \/>\n<meta property=\"og:title\" content=\"Jaki ekspres do kawiarni wybra\u0107? \u2013 Blog B2B Coffeedesk\" \/>\n<meta property=\"og:description\" content=\"Szukasz profesjonalnego ekspresu do kawy do kawiarni? Zobacz porady naszych specjalist\u00f3w i postaw na ekspres ci\u015bnieniowy.\" \/>\n<meta property=\"og:url\" content=\"https:\/\/b2b.coffeedesk.pl\/blog\/2022\/07\/31\/jaki-ekspres-do-biura-wybrac\/\" \/>\n<meta property=\"og:site_name\" content=\"Blog B2B Coffeedesk\" \/>\n<meta property=\"article:publisher\" content=\"https:\/\/www.facebook.com\/coffeedeskpl\" \/>\n<meta property=\"article:published_time\" content=\"2022-07-31T10:54:54+00:00\" \/>\n<meta property=\"article:modified_time\" content=\"2023-03-05T14:07:17+00:00\" \/>\n<meta property=\"og:image\" content=\"https:\/\/b2b.coffeedesk.pl\/blog\/wp-content\/uploads\/2022\/08\/AdobeStock_475546680.jpg\" \/>\n\t<meta property=\"og:image:width\" content=\"1200\" \/>\n\t<meta property=\"og:image:height\" content=\"800\" \/>\n\t<meta property=\"og:image:type\" content=\"image\/jpeg\" \/>\n<meta name=\"author\" content=\"Dominik Ropela\" \/>\n<meta name=\"twitter:card\" content=\"summary_large_image\" \/>\n<meta name=\"twitter:creator\" content=\"@CoffeeDeskPl\" \/>\n<meta name=\"twitter:site\" content=\"@CoffeeDeskPl\" \/>\n<meta name=\"twitter:label1\" content=\"Napisane przez\" \/>\n\t<meta name=\"twitter:data1\" content=\"Dominik Ropela\" \/>\n\t<meta name=\"twitter:label2\" content=\"Szacowany czas czytania\" \/>\n\t<meta name=\"twitter:data2\" content=\"8 minut\" \/>\n<script type=\"application\/ld+json\" class=\"yoast-schema-graph\">{\"@context\":\"https:\/\/schema.org\",\"@graph\":[{\"@type\":\"Article\",\"@id\":\"https:\/\/b2b.coffeedesk.pl\/blog\/2022\/07\/31\/jaki-ekspres-do-biura-wybrac\/#article\",\"isPartOf\":{\"@id\":\"https:\/\/b2b.coffeedesk.pl\/blog\/2022\/07\/31\/jaki-ekspres-do-biura-wybrac\/\"},\"author\":{\"name\":\"Dominik Ropela\",\"@id\":\"https:\/\/b2b.coffeedesk.pl\/blog\/#\/schema\/person\/2d4ea0224b5b22284e8fa1f6d4e9faeb\"},\"headline\":\"Jaki ekspres do biura wybra\u0107?\",\"datePublished\":\"2022-07-31T10:54:54+00:00\",\"dateModified\":\"2023-03-05T14:07:17+00:00\",\"mainEntityOfPage\":{\"@id\":\"https:\/\/b2b.coffeedesk.pl\/blog\/2022\/07\/31\/jaki-ekspres-do-biura-wybrac\/\"},\"wordCount\":1468,\"publisher\":{\"@id\":\"https:\/\/b2b.coffeedesk.pl\/blog\/#organization\"},\"image\":{\"@id\":\"https:\/\/b2b.coffeedesk.pl\/blog\/2022\/07\/31\/jaki-ekspres-do-biura-wybrac\/#primaryimage\"},\"thumbnailUrl\":\"https:\/\/b2b.coffeedesk.pl\/blog\/wp-content\/uploads\/2022\/08\/AdobeStock_475546680.jpg\",\"articleSection\":[\"Biuro\"],\"inLanguage\":\"pl-PL\"},{\"@type\":\"WebPage\",\"@id\":\"https:\/\/b2b.coffeedesk.pl\/blog\/2022\/07\/31\/jaki-ekspres-do-biura-wybrac\/\",\"url\":\"https:\/\/b2b.coffeedesk.pl\/blog\/2022\/07\/31\/jaki-ekspres-do-biura-wybrac\/\",\"name\":\"Jaki ekspres do kawiarni wybra\u0107? \u2013 Blog B2B Coffeedesk\",\"isPartOf\":{\"@id\":\"https:\/\/b2b.coffeedesk.pl\/blog\/#website\"},\"primaryImageOfPage\":{\"@id\":\"https:\/\/b2b.coffeedesk.pl\/blog\/2022\/07\/31\/jaki-ekspres-do-biura-wybrac\/#primaryimage\"},\"image\":{\"@id\":\"https:\/\/b2b.coffeedesk.pl\/blog\/2022\/07\/31\/jaki-ekspres-do-biura-wybrac\/#primaryimage\"},\"thumbnailUrl\":\"https:\/\/b2b.coffeedesk.pl\/blog\/wp-content\/uploads\/2022\/08\/AdobeStock_475546680.jpg\",\"datePublished\":\"2022-07-31T10:54:54+00:00\",\"dateModified\":\"2023-03-05T14:07:17+00:00\",\"description\":\"Szukasz profesjonalnego ekspresu do kawy do kawiarni? Zobacz porady naszych specjalist\u00f3w i postaw na ekspres ci\u015bnieniowy.\",\"breadcrumb\":{\"@id\":\"https:\/\/b2b.coffeedesk.pl\/blog\/2022\/07\/31\/jaki-ekspres-do-biura-wybrac\/#breadcrumb\"},\"inLanguage\":\"pl-PL\",\"potentialAction\":[{\"@type\":\"ReadAction\",\"target\":[\"https:\/\/b2b.coffeedesk.pl\/blog\/2022\/07\/31\/jaki-ekspres-do-biura-wybrac\/\"]}]},{\"@type\":\"ImageObject\",\"inLanguage\":\"pl-PL\",\"@id\":\"https:\/\/b2b.coffeedesk.pl\/blog\/2022\/07\/31\/jaki-ekspres-do-biura-wybrac\/#primaryimage\",\"url\":\"https:\/\/b2b.coffeedesk.pl\/blog\/wp-content\/uploads\/2022\/08\/AdobeStock_475546680.jpg\",\"contentUrl\":\"https:\/\/b2b.coffeedesk.pl\/blog\/wp-content\/uploads\/2022\/08\/AdobeStock_475546680.jpg\",\"width\":1200,\"height\":800,\"caption\":\"Woman preparing fresh aromatic coffee with modern machine in office, closeup\"},{\"@type\":\"BreadcrumbList\",\"@id\":\"https:\/\/b2b.coffeedesk.pl\/blog\/2022\/07\/31\/jaki-ekspres-do-biura-wybrac\/#breadcrumb\",\"itemListElement\":[{\"@type\":\"ListItem\",\"position\":1,\"name\":\"Strona g\u0142\u00f3wna\",\"item\":\"https:\/\/b2b.coffeedesk.pl\/blog\/\"},{\"@type\":\"ListItem\",\"position\":2,\"name\":\"Jaki ekspres do biura wybra\u0107?\"}]},{\"@type\":\"WebSite\",\"@id\":\"https:\/\/b2b.coffeedesk.pl\/blog\/#website\",\"url\":\"https:\/\/b2b.coffeedesk.pl\/blog\/\",\"name\":\"Blog B2B Coffeedesk\",\"description\":\"\",\"publisher\":{\"@id\":\"https:\/\/b2b.coffeedesk.pl\/blog\/#organization\"},\"potentialAction\":[{\"@type\":\"SearchAction\",\"target\":{\"@type\":\"EntryPoint\",\"urlTemplate\":\"https:\/\/b2b.coffeedesk.pl\/blog\/?s={search_term_string}\"},\"query-input\":{\"@type\":\"PropertyValueSpecification\",\"valueRequired\":true,\"valueName\":\"search_term_string\"}}],\"inLanguage\":\"pl-PL\"},{\"@type\":\"Organization\",\"@id\":\"https:\/\/b2b.coffeedesk.pl\/blog\/#organization\",\"name\":\"Coffeedesk.pl B2B\",\"url\":\"https:\/\/b2b.coffeedesk.pl\/blog\/\",\"logo\":{\"@type\":\"ImageObject\",\"inLanguage\":\"pl-PL\",\"@id\":\"https:\/\/b2b.coffeedesk.pl\/blog\/#\/schema\/logo\/image\/\",\"url\":\"https:\/\/b2b.coffeedesk.pl\/blog\/wp-content\/uploads\/2024\/04\/Coffeedesk_business.png\",\"contentUrl\":\"https:\/\/b2b.coffeedesk.pl\/blog\/wp-content\/uploads\/2024\/04\/Coffeedesk_business.png\",\"width\":210,\"height\":53,\"caption\":\"Coffeedesk.pl B2B\"},\"image\":{\"@id\":\"https:\/\/b2b.coffeedesk.pl\/blog\/#\/schema\/logo\/image\/\"},\"sameAs\":[\"https:\/\/www.facebook.com\/coffeedeskpl\",\"https:\/\/x.com\/CoffeeDeskPl\",\"https:\/\/www.instagram.com\/coffeedeskpl\/\",\"https:\/\/www.youtube.com\/user\/coffeedeskpl\",\"https:\/\/www.linkedin.com\/company\/coffeedesk\"]},{\"@type\":\"Person\",\"@id\":\"https:\/\/b2b.coffeedesk.pl\/blog\/#\/schema\/person\/2d4ea0224b5b22284e8fa1f6d4e9faeb\",\"name\":\"Dominik Ropela\",\"image\":{\"@type\":\"ImageObject\",\"inLanguage\":\"pl-PL\",\"@id\":\"https:\/\/b2b.coffeedesk.pl\/blog\/#\/schema\/person\/image\/\",\"url\":\"https:\/\/secure.gravatar.com\/avatar\/9c748979fe47c016f4a2676aa334e5f1?s=96&d=mm&r=g\",\"contentUrl\":\"https:\/\/secure.gravatar.com\/avatar\/9c748979fe47c016f4a2676aa334e5f1?s=96&d=mm&r=g\",\"caption\":\"Dominik Ropela\"},\"description\":\"Prawnik z dusz\u0105 marketingowca. W Coffeedesk odpowiadam za wydarzenia, akcje sprzeda\u017cowe i wszystko, co dzieje si\u0119 \u201ena froncie\u201d warszawskich lokali. Po pracy zagl\u0105dam do nowych gastro miejsc\u00f3wek, podr\u00f3\u017cuj\u0119 i robi\u0119 zdj\u0119cia analogiem, \u017ceby o niczym nie zapomnie\u0107.\",\"sameAs\":[\"https:\/\/www.linkedin.com\/in\/dominik-ropela\/\"],\"url\":\"https:\/\/b2b.coffeedesk.pl\/blog\/author\/dominik-ropela\/\"}]}<\/script>\n<!-- \/ Yoast SEO plugin. -->","yoast_head_json":{"title":"Jaki ekspres do kawiarni wybra\u0107? \u2013 Blog B2B Coffeedesk","description":"Szukasz profesjonalnego ekspresu do kawy do kawiarni? Zobacz porady naszych specjalist\u00f3w i postaw na ekspres ci\u015bnieniowy.","robots":{"index":"index","follow":"follow","max-snippet":"max-snippet:-1","max-image-preview":"max-image-preview:large","max-video-preview":"max-video-preview:-1"},"canonical":"https:\/\/b2b.coffeedesk.pl\/blog\/2022\/07\/31\/jaki-ekspres-do-biura-wybrac\/","og_locale":"pl_PL","og_type":"article","og_title":"Jaki ekspres do kawiarni wybra\u0107? \u2013 Blog B2B Coffeedesk","og_description":"Szukasz profesjonalnego ekspresu do kawy do kawiarni? Zobacz porady naszych specjalist\u00f3w i postaw na ekspres ci\u015bnieniowy.","og_url":"https:\/\/b2b.coffeedesk.pl\/blog\/2022\/07\/31\/jaki-ekspres-do-biura-wybrac\/","og_site_name":"Blog B2B Coffeedesk","article_publisher":"https:\/\/www.facebook.com\/coffeedeskpl","article_published_time":"2022-07-31T10:54:54+00:00","article_modified_time":"2023-03-05T14:07:17+00:00","og_image":[{"width":1200,"height":800,"url":"https:\/\/b2b.coffeedesk.pl\/blog\/wp-content\/uploads\/2022\/08\/AdobeStock_475546680.jpg","type":"image\/jpeg"}],"author":"Dominik Ropela","twitter_card":"summary_large_image","twitter_creator":"@CoffeeDeskPl","twitter_site":"@CoffeeDeskPl","twitter_misc":{"Napisane przez":"Dominik Ropela","Szacowany czas czytania":"8 minut"},"schema":{"@context":"https:\/\/schema.org","@graph":[{"@type":"Article","@id":"https:\/\/b2b.coffeedesk.pl\/blog\/2022\/07\/31\/jaki-ekspres-do-biura-wybrac\/#article","isPartOf":{"@id":"https:\/\/b2b.coffeedesk.pl\/blog\/2022\/07\/31\/jaki-ekspres-do-biura-wybrac\/"},"author":{"name":"Dominik Ropela","@id":"https:\/\/b2b.coffeedesk.pl\/blog\/#\/schema\/person\/2d4ea0224b5b22284e8fa1f6d4e9faeb"},"headline":"Jaki ekspres do biura wybra\u0107?","datePublished":"2022-07-31T10:54:54+00:00","dateModified":"2023-03-05T14:07:17+00:00","mainEntityOfPage":{"@id":"https:\/\/b2b.coffeedesk.pl\/blog\/2022\/07\/31\/jaki-ekspres-do-biura-wybrac\/"},"wordCount":1468,"publisher":{"@id":"https:\/\/b2b.coffeedesk.pl\/blog\/#organization"},"image":{"@id":"https:\/\/b2b.coffeedesk.pl\/blog\/2022\/07\/31\/jaki-ekspres-do-biura-wybrac\/#primaryimage"},"thumbnailUrl":"https:\/\/b2b.coffeedesk.pl\/blog\/wp-content\/uploads\/2022\/08\/AdobeStock_475546680.jpg","articleSection":["Biuro"],"inLanguage":"pl-PL"},{"@type":"WebPage","@id":"https:\/\/b2b.coffeedesk.pl\/blog\/2022\/07\/31\/jaki-ekspres-do-biura-wybrac\/","url":"https:\/\/b2b.coffeedesk.pl\/blog\/2022\/07\/31\/jaki-ekspres-do-biura-wybrac\/","name":"Jaki ekspres do kawiarni wybra\u0107? \u2013 Blog B2B Coffeedesk","isPartOf":{"@id":"https:\/\/b2b.coffeedesk.pl\/blog\/#website"},"primaryImageOfPage":{"@id":"https:\/\/b2b.coffeedesk.pl\/blog\/2022\/07\/31\/jaki-ekspres-do-biura-wybrac\/#primaryimage"},"image":{"@id":"https:\/\/b2b.coffeedesk.pl\/blog\/2022\/07\/31\/jaki-ekspres-do-biura-wybrac\/#primaryimage"},"thumbnailUrl":"https:\/\/b2b.coffeedesk.pl\/blog\/wp-content\/uploads\/2022\/08\/AdobeStock_475546680.jpg","datePublished":"2022-07-31T10:54:54+00:00","dateModified":"2023-03-05T14:07:17+00:00","description":"Szukasz profesjonalnego ekspresu do kawy do kawiarni? Zobacz porady naszych specjalist\u00f3w i postaw na ekspres ci\u015bnieniowy.","breadcrumb":{"@id":"https:\/\/b2b.coffeedesk.pl\/blog\/2022\/07\/31\/jaki-ekspres-do-biura-wybrac\/#breadcrumb"},"inLanguage":"pl-PL","potentialAction":[{"@type":"ReadAction","target":["https:\/\/b2b.coffeedesk.pl\/blog\/2022\/07\/31\/jaki-ekspres-do-biura-wybrac\/"]}]},{"@type":"ImageObject","inLanguage":"pl-PL","@id":"https:\/\/b2b.coffeedesk.pl\/blog\/2022\/07\/31\/jaki-ekspres-do-biura-wybrac\/#primaryimage","url":"https:\/\/b2b.coffeedesk.pl\/blog\/wp-content\/uploads\/2022\/08\/AdobeStock_475546680.jpg","contentUrl":"https:\/\/b2b.coffeedesk.pl\/blog\/wp-content\/uploads\/2022\/08\/AdobeStock_475546680.jpg","width":1200,"height":800,"caption":"Woman preparing fresh aromatic coffee with modern machine in office, closeup"},{"@type":"BreadcrumbList","@id":"https:\/\/b2b.coffeedesk.pl\/blog\/2022\/07\/31\/jaki-ekspres-do-biura-wybrac\/#breadcrumb","itemListElement":[{"@type":"ListItem","position":1,"name":"Strona g\u0142\u00f3wna","item":"https:\/\/b2b.coffeedesk.pl\/blog\/"},{"@type":"ListItem","position":2,"name":"Jaki ekspres do biura wybra\u0107?"}]},{"@type":"WebSite","@id":"https:\/\/b2b.coffeedesk.pl\/blog\/#website","url":"https:\/\/b2b.coffeedesk.pl\/blog\/","name":"Blog B2B Coffeedesk","description":"","publisher":{"@id":"https:\/\/b2b.coffeedesk.pl\/blog\/#organization"},"potentialAction":[{"@type":"SearchAction","target":{"@type":"EntryPoint","urlTemplate":"https:\/\/b2b.coffeedesk.pl\/blog\/?s={search_term_string}"},"query-input":{"@type":"PropertyValueSpecification","valueRequired":true,"valueName":"search_term_string"}}],"inLanguage":"pl-PL"},{"@type":"Organization","@id":"https:\/\/b2b.coffeedesk.pl\/blog\/#organization","name":"Coffeedesk.pl B2B","url":"https:\/\/b2b.coffeedesk.pl\/blog\/","logo":{"@type":"ImageObject","inLanguage":"pl-PL","@id":"https:\/\/b2b.coffeedesk.pl\/blog\/#\/schema\/logo\/image\/","url":"https:\/\/b2b.coffeedesk.pl\/blog\/wp-content\/uploads\/2024\/04\/Coffeedesk_business.png","contentUrl":"https:\/\/b2b.coffeedesk.pl\/blog\/wp-content\/uploads\/2024\/04\/Coffeedesk_business.png","width":210,"height":53,"caption":"Coffeedesk.pl B2B"},"image":{"@id":"https:\/\/b2b.coffeedesk.pl\/blog\/#\/schema\/logo\/image\/"},"sameAs":["https:\/\/www.facebook.com\/coffeedeskpl","https:\/\/x.com\/CoffeeDeskPl","https:\/\/www.instagram.com\/coffeedeskpl\/","https:\/\/www.youtube.com\/user\/coffeedeskpl","https:\/\/www.linkedin.com\/company\/coffeedesk"]},{"@type":"Person","@id":"https:\/\/b2b.coffeedesk.pl\/blog\/#\/schema\/person\/2d4ea0224b5b22284e8fa1f6d4e9faeb","name":"Dominik Ropela","image":{"@type":"ImageObject","inLanguage":"pl-PL","@id":"https:\/\/b2b.coffeedesk.pl\/blog\/#\/schema\/person\/image\/","url":"https:\/\/secure.gravatar.com\/avatar\/9c748979fe47c016f4a2676aa334e5f1?s=96&d=mm&r=g","contentUrl":"https:\/\/secure.gravatar.com\/avatar\/9c748979fe47c016f4a2676aa334e5f1?s=96&d=mm&r=g","caption":"Dominik Ropela"},"description":"Prawnik z dusz\u0105 marketingowca. W Coffeedesk odpowiadam za wydarzenia, akcje sprzeda\u017cowe i wszystko, co dzieje si\u0119 \u201ena froncie\u201d warszawskich lokali. Po pracy zagl\u0105dam do nowych gastro miejsc\u00f3wek, podr\u00f3\u017cuj\u0119 i robi\u0119 zdj\u0119cia analogiem, \u017ceby o niczym nie zapomnie\u0107.","sameAs":["https:\/\/www.linkedin.com\/in\/dominik-ropela\/"],"url":"https:\/\/b2b.coffeedesk.pl\/blog\/author\/dominik-ropela\/"}]}},"_links":{"self":[{"href":"https:\/\/b2b.coffeedesk.pl\/blog\/wp-json\/wp\/v2\/posts\/4918"}],"collection":[{"href":"https:\/\/b2b.coffeedesk.pl\/blog\/wp-json\/wp\/v2\/posts"}],"about":[{"href":"https:\/\/b2b.coffeedesk.pl\/blog\/wp-json\/wp\/v2\/types\/post"}],"author":[{"embeddable":true,"href":"https:\/\/b2b.coffeedesk.pl\/blog\/wp-json\/wp\/v2\/users\/15"}],"replies":[{"embeddable":true,"href":"https:\/\/b2b.coffeedesk.pl\/blog\/wp-json\/wp\/v2\/comments?post=4918"}],"version-history":[{"count":7,"href":"https:\/\/b2b.coffeedesk.pl\/blog\/wp-json\/wp\/v2\/posts\/4918\/revisions"}],"predecessor-version":[{"id":5720,"href":"https:\/\/b2b.coffeedesk.pl\/blog\/wp-json\/wp\/v2\/posts\/4918\/revisions\/5720"}],"wp:featuredmedia":[{"embeddable":true,"href":"https:\/\/b2b.coffeedesk.pl\/blog\/wp-json\/wp\/v2\/media\/4920"}],"wp:attachment":[{"href":"https:\/\/b2b.coffeedesk.pl\/blog\/wp-json\/wp\/v2\/media?parent=4918"}],"wp:term":[{"taxonomy":"category","embeddable":true,"href":"https:\/\/b2b.coffeedesk.pl\/blog\/wp-json\/wp\/v2\/categories?post=4918"},{"taxonomy":"post_tag","embeddable":true,"href":"https:\/\/b2b.coffeedesk.pl\/blog\/wp-json\/wp\/v2\/tags?post=4918"}],"curies":[{"name":"wp","href":"https:\/\/api.w.org\/{rel}","templated":true}]}}